{"id":2291,"date":"2021-01-09T18:38:00","date_gmt":"2021-01-09T18:38:00","guid":{"rendered":"https:\/\/fezaa.com\/?p=2291"},"modified":"2025-07-04T12:00:38","modified_gmt":"2025-07-04T12:00:38","slug":"la-cour-dassise-de-paris-muhayimana-sera-le-premier-rwandais-a-etre-juge-en-2021","status":"publish","type":"post","link":"https:\/\/fezaa.com\/?p=2291","title":{"rendered":"La cour d\u2019assise de Paris; Muhayimana sera le premier rwandais \u00e0 \u00eatre jug\u00e9 en 2021"},"content":{"rendered":"\n<p><strong><em>Claude muhayimana est confirm\u00e9 d\u2019\u00eatre le premier rwandais accus\u00e9 des crimes de g\u00e9nocide et des crimes contre l\u2019humanit\u00e9, qui sera jug\u00e9 par la cour d\u2019assise de Paris en 2021. Cela dans l\u2019\u00e8re de covid-19 qui a fait que la plus part des proc\u00e8s en 2020 soient suspendus.<\/em><\/strong><\/p>\n\n\n\n<p>D\u2019apr\u00e8s la communiqu\u00e9e du 6 janvier 2021, de Monsieur Alain Gauthier, le pr\u00e9sident du collectif des partis civils pour le Rwanda (CPCR), le proc\u00e8s de Muhayimana se d\u00e9roulera du 2 au 26 f\u00e9vrier 2021.<\/p>\n\n\n\n<p>\u00ab\u00a0Le 6 juillet 2018, la Cour d\u2019assises de Paris condamnait en appel \u00e0 la r\u00e9clusion criminelle \u00e0 perp\u00e9tuit\u00e9 Tito Barahira et Octavien Ngenzi, deux anciens maires de la commune de Kabarondo, \u00e0 l\u2019Est du Rwanda. Covid-19 aidant, il aura fallu attendre plus de deux ans et demi pour que nous puissions avoir droit \u00e0 un nouveau proc\u00e8s\u00a0: Claude MUHAYIMANA, un employ\u00e9 municipal de la ville de Rouen, devait \u00eatre jug\u00e9 en octobre.\u00a0\u00bb \u00c9crit Gauthier.<\/p>\n\n\n\n<p><strong>Les faits<\/strong><\/p>\n\n\n\n<p>Claude Muhayimana est n\u00e9 en 1961 et est de nationalit\u00e9 fran\u00e7aise d&#8217;origine rwandaise. Il a obtenu la nationalit\u00e9 fran\u00e7aise en 2010. Il vit \u00e0 Rouen, France.<\/p>\n\n\n\n<p>Muhayimana aurait organis\u00e9 le transport de milices hutues vers plusieurs endroits o\u00f9 des attaques contre des Tutsis ont eu lieu, alors qu&#8217;il \u00e9tait le chauffeur de la maison d&#8217;h\u00f4tes Kibuye. Il aurait \u00e9galement \u00e9t\u00e9 impliqu\u00e9 dans l&#8217;attaque de l&#8217;\u00e9cole de Nyamishaba (district de Kibuye) en avril 1994 et dans les massacres de civils tutsis qui avaient trouv\u00e9 un refuge temporaire \u00e0 Karongi, Gitwa et Bisesero entre avril et juin 1994.<\/p>\n\n\n\n<p>Il est \u00e9galement accus\u00e9 d&#8217;avoir particip\u00e9 \u00e0 des meurtres perp\u00e9tr\u00e9s dans l&#8217;\u00e9glise de Kibuye le 17 avril 1994 et le lendemain au stade de Gatwaro. Les deux massacres ont entra\u00een\u00e9 la mort de milliers de victimes.<\/p>\n\n\n\n<p><strong>Proc\u00e9dure l\u00e9gale<\/strong><\/p>\n\n\n\n<p>Le 13 d\u00e9cembre 2011, les autorit\u00e9s judiciaires rwandaises ont \u00e9mis un mandat d&#8217;arr\u00eat international contre Claude Muhayimana pour sa participation pr\u00e9sum\u00e9e au g\u00e9nocide rwandais. En outre, les autorit\u00e9s rwandaises ont demand\u00e9 son extradition par la France.<\/p>\n\n\n\n<p>Le 29 mars 2012, la chambre d\u2019instruction de la cour d\u2019appel de Rouen a rendu un avis favorable sur la question de l\u2019extradition de Muhayimana vers le Rwanda. La Cour a estim\u00e9 que les garanties fondamentales d&#8217;un proc\u00e8s \u00e9quitable et les droits de la d\u00e9fense seraient assur\u00e9s au Rwanda. Muhayimana a fait appel de cette d\u00e9cision en faisant valoir le contraire. Enfin, le 24 f\u00e9vrier 2014, la Cour de cassation fran\u00e7aise a statu\u00e9 que Muhayimana ne pouvait pas \u00eatre extrad\u00e9 car la demande du Rwanda reposait sur des lois adopt\u00e9es apr\u00e8s les crimes all\u00e9gu\u00e9s.<\/p>\n\n\n\n<p>Le 9 avril 2014, Muhayimana a \u00e9t\u00e9 arr\u00eat\u00e9 \u00e0 Rouen \u00e0 la suite d&#8217;une plainte d\u00e9pos\u00e9e en juin 2013 par le Collectif des Parties Civiles pour le Rwanda (CPCR). Une enqu\u00eate p\u00e9nale a \u00e9t\u00e9 ouverte concernant son r\u00f4le pr\u00e9sum\u00e9 dans le g\u00e9nocide commis dans le district de Kibuye et il a \u00e9t\u00e9 plac\u00e9 en d\u00e9tention provisoire. Le 3 avril 2015, Muhayimana a \u00e9t\u00e9 lib\u00e9r\u00e9 et plac\u00e9 sous contr\u00f4le judiciaire.<\/p>\n\n\n\n<p>Le 9 novembre 2017, le juge d&#8217;instruction a renvoy\u00e9 l&#8217;affaire devant le tribunal correctionnel de Paris (Cour d&#8217;assises) pour complicit\u00e9 de g\u00e9nocide et de crimes contre l&#8217;humanit\u00e9 par aide et complicit\u00e9.<\/p>\n\n\n\n<p>Le Procureur a demand\u00e9 le rejet des accusations concernant les massacres commis dans l&#8217;\u00e9glise de Kibuye et dans le stade de Gatwaro, Muhayimana ayant pr\u00e9sent\u00e9 un alibi prouvant qu&#8217;il n&#8217;\u00e9tait pas l\u00e0 pendant les \u00e9v\u00e9nements. Muhayimana a fait appel de la d\u00e9cision sur le renvoi.<\/p>\n\n\n\n<p>L&#8217;audience d&#8217;appel sur la d\u00e9cision de renvoyer l&#8217;affaire devant la juridiction comp\u00e9tente s&#8217;est d\u00e9roul\u00e9e le 18 octobre 2018 devant la chambre d&#8217;instruction de la cour d&#8217;appel de Paris.<\/p>\n\n\n\n<p>Le 4 avril 2019, la Cour d\u2019appel a confirm\u00e9 le renvoi de l\u2019affaire de Muhayimana devant le tribunal p\u00e9nal pour complicit\u00e9 de crimes contre l\u2019humanit\u00e9 et de g\u00e9nocide. Muhayimana a annonc\u00e9 son intention de faire appel devant la Cour supr\u00eame fran\u00e7aise.<\/p>\n\n\n\n<p>Gauthier n\u2019appr\u00e9cie pas le rythme que prend la cour pour juger les acteurs du g\u00e9nocide contre les tutsis au Rwanda, mais se r\u00e9signe \u00e0 attendre avec impatience les proc\u00e8s \u00e0 venir comme ceux du pr\u00e9fet&nbsp;<a href=\"http:\/\/www.collectifpartiescivilesrwanda.fr\/laurent-bucyibaruta\/\">Laurent BUCYIBARUTA<\/a>, des m\u00e9decins&nbsp;<a href=\"http:\/\/www.collectifpartiescivilesrwanda.fr\/sosthene-munyemana\/\">Sosth\u00e8ne MUNYEMANA<\/a>&nbsp;et&nbsp;<a href=\"http:\/\/www.collectifpartiescivilesrwanda.fr\/eugene-rwamucyo\/\">Eug\u00e8ne RWAMUCYO<\/a>&nbsp;qui ont fait appel de leur renvoi devant la Cour d\u2019assises, ainsi que&nbsp;<a href=\"http:\/\/www.collectifpartiescivilesrwanda.fr\/hyacinthe-rafiki-nsengiyumva\/\">Hyacinthe Rafiki NSENGIYUMVA<\/a>, ancien ministre du gouvernement int\u00e9rimaire et responsable des FDLR apr\u00e8s le g\u00e9nocide des Tutsi.<\/p>\n","protected":false},"excerpt":{"rendered":"<p>Claude muhayimana est confirm\u00e9 d\u2019\u00eatre le premier rwandais accus\u00e9 des crimes de g\u00e9nocide et des crimes contre l\u2019humanit\u00e9, qui sera &hellip; <\/p>\n","protected":false},"author":2,"featured_media":2292,"comment_status":"open","ping_status":"open","sticky":false,"template":"","format":"standard","meta":{"footnotes":""},"categories":[17],"tags":[],"class_list":["post-2291","post","type-post","status-publish","format-standard","has-post-thumbnail","hentry","category-francais","latest_post"],"yoast_head":"<!-- This site is optimized with the Yoast SEO plugin v26.2 - https:\/\/yoast.com\/wordpress\/plugins\/seo\/ -->\n<title>La cour d\u2019assise de Paris; Muhayimana sera le premier rwandais \u00e0 \u00eatre jug\u00e9 en 2021 - FEZAA<\/title>\n<meta name=\"robots\" content=\"index, follow, max-snippet:-1, max-image-preview:large, max-video-preview:-1\" \/>\n<link rel=\"canonical\" href=\"https:\/\/fezaa.com\/?p=2291\" \/>\n<meta property=\"og:locale\" content=\"en_US\" \/>\n<meta property=\"og:type\" content=\"article\" \/>\n<meta property=\"og:title\" content=\"La cour d\u2019assise de Paris; Muhayimana sera le premier rwandais \u00e0 \u00eatre jug\u00e9 en 2021 - FEZAA\" \/>\n<meta property=\"og:description\" content=\"Claude muhayimana est confirm\u00e9 d\u2019\u00eatre le premier rwandais accus\u00e9 des crimes de g\u00e9nocide et des crimes contre l\u2019humanit\u00e9, qui sera &hellip;\" \/>\n<meta property=\"og:url\" content=\"https:\/\/fezaa.com\/?p=2291\" \/>\n<meta property=\"og:site_name\" content=\"FEZAA\" \/>\n<meta property=\"article:published_time\" content=\"2021-01-09T18:38:00+00:00\" \/>\n<meta property=\"article:modified_time\" content=\"2025-07-04T12:00:38+00:00\" \/>\n<meta property=\"og:image\" content=\"https:\/\/fezaa.com\/wp-content\/uploads\/2025\/04\/cour-dassises-de-paris.jpg\" \/>\n\t<meta property=\"og:image:width\" content=\"600\" \/>\n\t<meta property=\"og:image:height\" content=\"449\" \/>\n\t<meta property=\"og:image:type\" content=\"image\/jpeg\" \/>\n<meta name=\"author\" content=\"Francine Andrew SARO\" \/>\n<meta name=\"twitter:card\" content=\"summary_large_image\" \/>\n<meta name=\"twitter:label1\" content=\"Written by\" \/>\n\t<meta name=\"twitter:data1\" content=\"Francine Andrew SARO\" \/>\n\t<meta name=\"twitter:label2\" content=\"Est. reading time\" \/>\n\t<meta name=\"twitter:data2\" content=\"4 minutes\" \/>\n<script type=\"application\/ld+json\" class=\"yoast-schema-graph\">{\"@context\":\"https:\/\/schema.org\",\"@graph\":[{\"@type\":\"WebPage\",\"@id\":\"https:\/\/fezaa.com\/?p=2291\",\"url\":\"https:\/\/fezaa.com\/?p=2291\",\"name\":\"La cour d\u2019assise de Paris; Muhayimana sera le premier rwandais \u00e0 \u00eatre jug\u00e9 en 2021 - FEZAA\",\"isPartOf\":{\"@id\":\"https:\/\/fezaa.com\/#website\"},\"primaryImageOfPage\":{\"@id\":\"https:\/\/fezaa.com\/?p=2291#primaryimage\"},\"image\":{\"@id\":\"https:\/\/fezaa.com\/?p=2291#primaryimage\"},\"thumbnailUrl\":\"https:\/\/fezaa.com\/wp-content\/uploads\/2025\/04\/cour-dassises-de-paris.jpg\",\"datePublished\":\"2021-01-09T18:38:00+00:00\",\"dateModified\":\"2025-07-04T12:00:38+00:00\",\"author\":{\"@id\":\"https:\/\/fezaa.com\/#\/schema\/person\/39028b6da0a642ca970f1d4a60dbfbc8\"},\"breadcrumb\":{\"@id\":\"https:\/\/fezaa.com\/?p=2291#breadcrumb\"},\"inLanguage\":\"en-US\",\"potentialAction\":[{\"@type\":\"ReadAction\",\"target\":[\"https:\/\/fezaa.com\/?p=2291\"]}]},{\"@type\":\"ImageObject\",\"inLanguage\":\"en-US\",\"@id\":\"https:\/\/fezaa.com\/?p=2291#primaryimage\",\"url\":\"https:\/\/fezaa.com\/wp-content\/uploads\/2025\/04\/cour-dassises-de-paris.jpg\",\"contentUrl\":\"https:\/\/fezaa.com\/wp-content\/uploads\/2025\/04\/cour-dassises-de-paris.jpg\",\"width\":600,\"height\":449},{\"@type\":\"BreadcrumbList\",\"@id\":\"https:\/\/fezaa.com\/?p=2291#breadcrumb\",\"itemListElement\":[{\"@type\":\"ListItem\",\"position\":1,\"name\":\"Home\",\"item\":\"https:\/\/fezaa.com\/\"},{\"@type\":\"ListItem\",\"position\":2,\"name\":\"La cour d\u2019assise de Paris; Muhayimana sera le premier rwandais \u00e0 \u00eatre jug\u00e9 en 2021\"}]},{\"@type\":\"WebSite\",\"@id\":\"https:\/\/fezaa.com\/#website\",\"url\":\"https:\/\/fezaa.com\/\",\"name\":\"FEZAA\",\"description\":\"Your Best Choice\",\"potentialAction\":[{\"@type\":\"SearchAction\",\"target\":{\"@type\":\"EntryPoint\",\"urlTemplate\":\"https:\/\/fezaa.com\/?s={search_term_string}\"},\"query-input\":{\"@type\":\"PropertyValueSpecification\",\"valueRequired\":true,\"valueName\":\"search_term_string\"}}],\"inLanguage\":\"en-US\"},{\"@type\":\"Person\",\"@id\":\"https:\/\/fezaa.com\/#\/schema\/person\/39028b6da0a642ca970f1d4a60dbfbc8\",\"name\":\"Francine Andrew SARO\",\"image\":{\"@type\":\"ImageObject\",\"inLanguage\":\"en-US\",\"@id\":\"https:\/\/fezaa.com\/#\/schema\/person\/image\/\",\"url\":\"https:\/\/secure.gravatar.com\/avatar\/1b2ec90faabfb0b381c12c5ffcdeefeb33081ad0009f59b326c336653061bb49?s=96&d=mm&r=g\",\"contentUrl\":\"https:\/\/secure.gravatar.com\/avatar\/1b2ec90faabfb0b381c12c5ffcdeefeb33081ad0009f59b326c336653061bb49?s=96&d=mm&r=g\",\"caption\":\"Francine Andrew SARO\"},\"description\":\"Francine Andrew Saro is an award-winning Rwandan senior journalist with extensive experience in judicial, health science, environmental, and investigative reporting. She is the winner of the AI Journalism Challenge and is also a passionate documentarian of touristic and cultural experiences.\",\"sameAs\":[\"http:\/\/www.fezaa.com\"],\"url\":\"https:\/\/fezaa.com\/?author=2\"}]}<\/script>\n<!-- \/ Yoast SEO plugin. -->","yoast_head_json":{"title":"La cour d\u2019assise de Paris; Muhayimana sera le premier rwandais \u00e0 \u00eatre jug\u00e9 en 2021 - FEZAA","robots":{"index":"index","follow":"follow","max-snippet":"max-snippet:-1","max-image-preview":"max-image-preview:large","max-video-preview":"max-video-preview:-1"},"canonical":"https:\/\/fezaa.com\/?p=2291","og_locale":"en_US","og_type":"article","og_title":"La cour d\u2019assise de Paris; Muhayimana sera le premier rwandais \u00e0 \u00eatre jug\u00e9 en 2021 - FEZAA","og_description":"Claude muhayimana est confirm\u00e9 d\u2019\u00eatre le premier rwandais accus\u00e9 des crimes de g\u00e9nocide et des crimes contre l\u2019humanit\u00e9, qui sera &hellip;","og_url":"https:\/\/fezaa.com\/?p=2291","og_site_name":"FEZAA","article_published_time":"2021-01-09T18:38:00+00:00","article_modified_time":"2025-07-04T12:00:38+00:00","og_image":[{"width":600,"height":449,"url":"https:\/\/fezaa.com\/wp-content\/uploads\/2025\/04\/cour-dassises-de-paris.jpg","type":"image\/jpeg"}],"author":"Francine Andrew SARO","twitter_card":"summary_large_image","twitter_misc":{"Written by":"Francine Andrew SARO","Est. reading time":"4 minutes"},"schema":{"@context":"https:\/\/schema.org","@graph":[{"@type":"WebPage","@id":"https:\/\/fezaa.com\/?p=2291","url":"https:\/\/fezaa.com\/?p=2291","name":"La cour d\u2019assise de Paris; Muhayimana sera le premier rwandais \u00e0 \u00eatre jug\u00e9 en 2021 - FEZAA","isPartOf":{"@id":"https:\/\/fezaa.com\/#website"},"primaryImageOfPage":{"@id":"https:\/\/fezaa.com\/?p=2291#primaryimage"},"image":{"@id":"https:\/\/fezaa.com\/?p=2291#primaryimage"},"thumbnailUrl":"https:\/\/fezaa.com\/wp-content\/uploads\/2025\/04\/cour-dassises-de-paris.jpg","datePublished":"2021-01-09T18:38:00+00:00","dateModified":"2025-07-04T12:00:38+00:00","author":{"@id":"https:\/\/fezaa.com\/#\/schema\/person\/39028b6da0a642ca970f1d4a60dbfbc8"},"breadcrumb":{"@id":"https:\/\/fezaa.com\/?p=2291#breadcrumb"},"inLanguage":"en-US","potentialAction":[{"@type":"ReadAction","target":["https:\/\/fezaa.com\/?p=2291"]}]},{"@type":"ImageObject","inLanguage":"en-US","@id":"https:\/\/fezaa.com\/?p=2291#primaryimage","url":"https:\/\/fezaa.com\/wp-content\/uploads\/2025\/04\/cour-dassises-de-paris.jpg","contentUrl":"https:\/\/fezaa.com\/wp-content\/uploads\/2025\/04\/cour-dassises-de-paris.jpg","width":600,"height":449},{"@type":"BreadcrumbList","@id":"https:\/\/fezaa.com\/?p=2291#breadcrumb","itemListElement":[{"@type":"ListItem","position":1,"name":"Home","item":"https:\/\/fezaa.com\/"},{"@type":"ListItem","position":2,"name":"La cour d\u2019assise de Paris; Muhayimana sera le premier rwandais \u00e0 \u00eatre jug\u00e9 en 2021"}]},{"@type":"WebSite","@id":"https:\/\/fezaa.com\/#website","url":"https:\/\/fezaa.com\/","name":"FEZAA","description":"Your Best Choice","potentialAction":[{"@type":"SearchAction","target":{"@type":"EntryPoint","urlTemplate":"https:\/\/fezaa.com\/?s={search_term_string}"},"query-input":{"@type":"PropertyValueSpecification","valueRequired":true,"valueName":"search_term_string"}}],"inLanguage":"en-US"},{"@type":"Person","@id":"https:\/\/fezaa.com\/#\/schema\/person\/39028b6da0a642ca970f1d4a60dbfbc8","name":"Francine Andrew SARO","image":{"@type":"ImageObject","inLanguage":"en-US","@id":"https:\/\/fezaa.com\/#\/schema\/person\/image\/","url":"https:\/\/secure.gravatar.com\/avatar\/1b2ec90faabfb0b381c12c5ffcdeefeb33081ad0009f59b326c336653061bb49?s=96&d=mm&r=g","contentUrl":"https:\/\/secure.gravatar.com\/avatar\/1b2ec90faabfb0b381c12c5ffcdeefeb33081ad0009f59b326c336653061bb49?s=96&d=mm&r=g","caption":"Francine Andrew SARO"},"description":"Francine Andrew Saro is an award-winning Rwandan senior journalist with extensive experience in judicial, health science, environmental, and investigative reporting. She is the winner of the AI Journalism Challenge and is also a passionate documentarian of touristic and cultural experiences.","sameAs":["http:\/\/www.fezaa.com"],"url":"https:\/\/fezaa.com\/?author=2"}]}},"_links":{"self":[{"href":"https:\/\/fezaa.com\/index.php?rest_route=\/wp\/v2\/posts\/2291","targetHints":{"allow":["GET"]}}],"collection":[{"href":"https:\/\/fezaa.com\/index.php?rest_route=\/wp\/v2\/posts"}],"about":[{"href":"https:\/\/fezaa.com\/index.php?rest_route=\/wp\/v2\/types\/post"}],"author":[{"embeddable":true,"href":"https:\/\/fezaa.com\/index.php?rest_route=\/wp\/v2\/users\/2"}],"replies":[{"embeddable":true,"href":"https:\/\/fezaa.com\/index.php?rest_route=%2Fwp%2Fv2%2Fcomments&post=2291"}],"version-history":[{"count":1,"href":"https:\/\/fezaa.com\/index.php?rest_route=\/wp\/v2\/posts\/2291\/revisions"}],"predecessor-version":[{"id":2293,"href":"https:\/\/fezaa.com\/index.php?rest_route=\/wp\/v2\/posts\/2291\/revisions\/2293"}],"wp:featuredmedia":[{"embeddable":true,"href":"https:\/\/fezaa.com\/index.php?rest_route=\/wp\/v2\/media\/2292"}],"wp:attachment":[{"href":"https:\/\/fezaa.com\/index.php?rest_route=%2Fwp%2Fv2%2Fmedia&parent=2291"}],"wp:term":[{"taxonomy":"category","embeddable":true,"href":"https:\/\/fezaa.com\/index.php?rest_route=%2Fwp%2Fv2%2Fcategories&post=2291"},{"taxonomy":"post_tag","embeddable":true,"href":"https:\/\/fezaa.com\/index.php?rest_route=%2Fwp%2Fv2%2Ftags&post=2291"}],"curies":[{"name":"wp","href":"https:\/\/api.w.org\/{rel}","templated":true}]}}